{"id":3248,"date":"2023-10-05T05:28:21","date_gmt":"2023-10-05T05:28:21","guid":{"rendered":"https:\/\/www.ifstransit.com\/?p=3248"},"modified":"2023-09-19T05:31:18","modified_gmt":"2023-09-19T05:31:18","slug":"un-regard-sur-les-tendances-durables-dans-la-logistique","status":"publish","type":"post","link":"https:\/\/www.ifstransit.com\/en\/un-regard-sur-les-tendances-durables-dans-la-logistique\/","title":{"rendered":"Un regard sur les tendances durables dans la logistique"},"content":{"rendered":"<div style=\"height:115px\" aria-hidden=\"true\" class=\"wp-block-spacer\"><\/div>\n\n\n<figure class=\"wp-block-post-featured-image\"><img fetchpriority=\"high\" decoding=\"async\" width=\"770\" height=\"332\" src=\"https:\/\/www.ifstransit.com\/wp-content\/uploads\/2023\/09\/un-regard-sur-les-tendances-durables-dans-la-logistique.jpg\" class=\"attachment-post-thumbnail size-post-thumbnail wp-post-image\" alt=\"logistique durable\" style=\"object-fit:cover;\" srcset=\"https:\/\/www.ifstransit.com\/wp-content\/uploads\/2023\/09\/un-regard-sur-les-tendances-durables-dans-la-logistique.jpg 770w, https:\/\/www.ifstransit.com\/wp-content\/uploads\/2023\/09\/un-regard-sur-les-tendances-durables-dans-la-logistique-768x331.jpg 768w, https:\/\/www.ifstransit.com\/wp-content\/uploads\/2023\/09\/un-regard-sur-les-tendances-durables-dans-la-logistique-18x8.jpg 18w\" sizes=\"(max-width: 770px) 100vw, 770px\" \/><\/figure>\n\n\n<ul class=\"wp-block-social-links has-small-icon-size is-layout-flex wp-block-social-links-is-layout-flex\"><li class=\"wp-social-link wp-social-link-linkedin  wp-block-social-link\"><a rel=\"noopener nofollow\" target=\"_blank\" href=\"https:\/\/www.linkedin.com\/company\/internationalfreightservices\" class=\"wp-block-social-link-anchor\"><svg width=\"24\" height=\"24\" viewbox=\"0 0 24 24\" version=\"1.1\" xmlns=\"http:\/\/www.w3.org\/2000\/svg\" aria-hidden=\"true\" focusable=\"false\"><path d=\"M19.7,3H4.3C3.582,3,3,3.582,3,4.3v15.4C3,20.418,3.582,21,4.3,21h15.4c0.718,0,1.3-0.582,1.3-1.3V4.3 C21,3.582,20.418,3,19.7,3z M8.339,18.338H5.667v-8.59h2.672V18.338z M7.004,8.574c-0.857,0-1.549-0.694-1.549-1.548 c0-0.855,0.691-1.548,1.549-1.548c0.854,0,1.547,0.694,1.547,1.548C8.551,7.881,7.858,8.574,7.004,8.574z M18.339,18.338h-2.669 v-4.177c0-0.996-0.017-2.278-1.387-2.278c-1.389,0-1.601,1.086-1.601,2.206v4.249h-2.667v-8.59h2.559v1.174h0.037 c0.356-0.675,1.227-1.387,2.526-1.387c2.703,0,3.203,1.779,3.203,4.092V18.338z\"><\/path><\/svg><span class=\"wp-block-social-link-label screen-reader-text\">LinkedIn<\/span><\/a><\/li>\n\n<li class=\"wp-social-link wp-social-link-mail  wp-block-social-link\"><a rel=\"noopener nofollow\" target=\"_blank\" href=\"mailto:&#099;o&#110;ta&#099;&#116;&#064;&#105;f&#115;tran&#115;it&#046;c&#111;m\" class=\"wp-block-social-link-anchor\"><svg width=\"24\" height=\"24\" viewbox=\"0 0 24 24\" version=\"1.1\" xmlns=\"http:\/\/www.w3.org\/2000\/svg\" aria-hidden=\"true\" focusable=\"false\"><path d=\"M19,5H5c-1.1,0-2,.9-2,2v10c0,1.1.9,2,2,2h14c1.1,0,2-.9,2-2V7c0-1.1-.9-2-2-2zm.5,12c0,.3-.2.5-.5.5H5c-.3,0-.5-.2-.5-.5V9.8l7.5,5.6,7.5-5.6V17zm0-9.1L12,13.6,4.5,7.9V7c0-.3.2-.5.5-.5h14c.3,0,.5.2.5.5v.9z\"><\/path><\/svg><span class=\"wp-block-social-link-label screen-reader-text\">Mail<\/span><\/a><\/li><\/ul>\n\n\n\n<div style=\"height:20px\" aria-hidden=\"true\" class=\"wp-block-spacer\"><\/div>\n\n\n\n<p>La logistique durable est devenue un \u00e9l\u00e9ment fondamental de l&rsquo;\u00e9conomie mondiale contemporaine. Elle ne se limite plus \u00e0 la simple gestion des flux de marchandises, mais s&rsquo;\u00e9tend \u00e0 la responsabilit\u00e9 environnementale et \u00e0 une utilisation judicieuse des ressources.&nbsp;<\/p>\n\n\n\n<p>Dans cet article, nous plongerons en profondeur dans les tendances \u00e9mergentes de la logistique durable, en mettant en lumi\u00e8re ses avantages, ses d\u00e9fis, et les innovations qui red\u00e9finissent cette industrie cruciale.<\/p>\n\n\n\n<h2 class=\"wp-block-heading\">Comprendre la logistique durable<\/h2>\n\n\n\n<p>La logistique durable englobe l&rsquo;application de pratiques et de technologies respectueuses de l&rsquo;environnement dans la gestion des cha\u00eenes d&rsquo;approvisionnement et des op\u00e9rations logistiques. Elle vise \u00e0 minimiser l&rsquo;impact sur la plan\u00e8te tout en optimisant l&rsquo;efficacit\u00e9 et la rentabilit\u00e9. Cette approche globale prend en compte chaque \u00e9tape du processus logistique, depuis la production jusqu&rsquo;\u00e0 la livraison en passant par le stockage.<\/p>\n\n\n\n<h2 class=\"wp-block-heading\">Les avantages de la logistique durable<\/h2>\n\n\n\n<p>L&rsquo;adoption de pratiques de logistique durable offre de nombreux avantages. Elle permet de r\u00e9duire les co\u00fbts op\u00e9rationnels, d&rsquo;accro\u00eetre la satisfaction des clients et d&rsquo;am\u00e9liorer la gestion des risques. Les entreprises qui investissent dans des solutions \u00e9cologiques renforcent leur image de marque tout en contribuant \u00e0 la pr\u00e9servation de notre plan\u00e8te.<\/p>\n\n\n\n<h2 class=\"wp-block-heading\">Les d\u00e9fis \u00e0 relever<\/h2>\n\n\n\n<p>Cependant, la transition vers une logistique durable n&rsquo;est pas exempte de d\u00e9fis. Ces d\u00e9fis englobent la mise en place de nouvelles infrastructures, la gestion efficace des d\u00e9chets et la conformit\u00e9 aux r\u00e9glementations environnementales en constante \u00e9volution. De plus, les <a href=\"\/en\/\">entreprises<\/a> doivent surmonter les r\u00e9sistances au changement et sensibiliser leur personnel \u00e0 l&rsquo;importance de la durabilit\u00e9.<\/p>\n\n\n\n<h2 class=\"wp-block-heading\">Technologies Vertes<\/h2>\n\n\n\n<p>Les technologies vertes jouent un r\u00f4le crucial dans l&rsquo;\u00e9volution de la logistique durable. L&rsquo;adoption de v\u00e9hicules \u00e9lectriques, de syst\u00e8mes de gestion \u00e9nerg\u00e9tique avanc\u00e9s et de l&rsquo;intelligence artificielle pour optimiser les itin\u00e9raires de livraison contribue \u00e0 la r\u00e9duction des \u00e9missions de carbone tout en am\u00e9liorant l&rsquo;efficacit\u00e9 \u00e9nerg\u00e9tique.<\/p>\n\n\n\n<h2 class=\"wp-block-heading\">\u00c9conomie Circulaire<\/h2>\n\n\n\n<p>L&rsquo;\u00e9conomie circulaire, visant \u00e0 minimiser le gaspillage et \u00e0 promouvoir la r\u00e9utilisation des ressources, trouve \u00e9galement sa place dans la logistique durable. Les entreprises repensent leurs processus pour minimiser les d\u00e9chets et prolonger la dur\u00e9e de vie des produits, r\u00e9duisant ainsi leur empreinte \u00e9cologique.<\/p>\n\n\n\n<h2 class=\"wp-block-heading\">R\u00e9duction des \u00c9missions de Carbone<\/h2>\n\n\n\n<p>La r\u00e9duction des \u00e9missions de carbone est au c\u0153ur de la logistique durable. Les entreprises cherchent activement des moyens de minimiser leur empreinte carbone en optimisant les transports, en utilisant des carburants alternatifs et en investissant dans des pratiques respectueuses de l&rsquo;environnement.<\/p>\n\n\n\n<h2 class=\"wp-block-heading\">La r\u00e9volution de l&rsquo;\u00e9lectromobilit\u00e9<\/h2>\n\n\n\n<p>L&rsquo;\u00e9lectromobilit\u00e9, caract\u00e9ris\u00e9e par la mont\u00e9e en puissance des v\u00e9hicules \u00e9lectriques et hybrides, r\u00e9volutionne la logistique en r\u00e9duisant les \u00e9missions polluantes et les co\u00fbts li\u00e9s aux carburants. Les flottes de livraison \u00e9lectriques deviennent de plus en plus courantes, contribuant ainsi \u00e0 un avenir plus propre.<\/p>\n\n\n\n<h2 class=\"wp-block-heading\">Le r\u00f4le de l&rsquo;automatisation<\/h2>\n\n\n\n<p>L&rsquo;automatisation est un autre pilier de la logistique durable. Les entrep\u00f4ts automatis\u00e9s et les robots de tri facilitent la gestion des stocks tout en r\u00e9duisant la consommation d&rsquo;\u00e9nergie et les erreurs humaines.<\/p>\n\n\n\n<h2 class=\"wp-block-heading\">La tra\u00e7abilit\u00e9 et la transparence<\/h2>\n\n\n\n<p>La tra\u00e7abilit\u00e9 et la transparence sont essentielles pour garantir la durabilit\u00e9 dans la logistique. Les consommateurs exigent de plus en plus d&rsquo;informations sur l&rsquo;origine des produits et leur impact environnemental, incitant ainsi les entreprises \u00e0 adopter des pratiques plus transparentes.<\/p>\n\n\n\n<h2 class=\"wp-block-heading\">Exemples d&rsquo;entreprises responsables<\/h2>\n\n\n\n<p>Plusieurs entreprises de renom ont d\u00e9j\u00e0 pris des mesures significatives en faveur de la logistique durable. Des entreprises de mode aux g\u00e9ants de la technologie, des exemples inspirants montrent que la durabilit\u00e9 peut \u00eatre b\u00e9n\u00e9fique tant pour les affaires que pour la plan\u00e8te.<\/p>\n\n\n\n<h2 class=\"wp-block-heading\">Conseils pour une logistique plus verte<\/h2>\n\n\n\n<p>Pour les entreprises cherchant \u00e0 int\u00e9grer la durabilit\u00e9 dans leur logistique, il est crucial de suivre certaines recommandations. Cela inclut la planification efficace des itin\u00e9raires, la gestion intelligente des stocks et la formation du personnel sur les pratiques durables.<\/p>\n\n\n\n<h2 class=\"wp-block-heading\">Le futur de la logistique durable<\/h2>\n\n\n\n<p>En conclusion, la logistique durable est en constante \u00e9volution pour relever les d\u00e9fis environnementaux actuels. Le secteur continue de se transformer gr\u00e2ce aux avanc\u00e9es technologiques et \u00e0 l&rsquo;engagement croissant des entreprises envers la durabilit\u00e9. Il est clair que la logistique durable est l&rsquo;avenir, offrant des opportunit\u00e9s pour les entreprises de prosp\u00e9rer tout en prot\u00e9geant notre plan\u00e8te.<\/p>\n\n\n\n<div style=\"height:15px\" aria-hidden=\"true\" class=\"wp-block-spacer\"><\/div>\n\n\n\n<hr class=\"wp-block-separator has-alpha-channel-opacity is-style-wide\"\/>\n\n\n\n<div class=\"wp-block-columns is-layout-flex wp-container-core-columns-is-layout-9d6595d7 wp-block-columns-is-layout-flex\">\n<div class=\"wp-block-column is-layout-flow wp-block-column-is-layout-flow\"><\/div>\n\n\n\n<div class=\"wp-block-column is-layout-flow wp-block-column-is-layout-flow\"><\/div>\n<\/div>\n\n\n\n<div style=\"height:50px\" aria-hidden=\"true\" class=\"wp-block-spacer\"><\/div>","protected":false},"excerpt":{"rendered":"<p>La logistique durable est devenue un \u00e9l\u00e9ment fondamental de l&rsquo;\u00e9conomie mondiale contemporaine. Elle ne se limite plus \u00e0 la simple gestion des flux de marchandises, mais s&rsquo;\u00e9tend \u00e0 la responsabilit\u00e9 environnementale et \u00e0 une utilisation judicieuse des ressources.&nbsp; Dans cet article, nous plongerons en profondeur dans les tendances \u00e9mergentes de la logistique durable, en mettant [&hellip;]<\/p>","protected":false},"author":1,"featured_media":3242,"comment_status":"closed","ping_status":"closed","sticky":false,"template":"","format":"standard","meta":{"ocean_post_layout":"","ocean_both_sidebars_style":"","ocean_both_sidebars_content_width":0,"ocean_both_sidebars_sidebars_width":0,"ocean_sidebar":"","ocean_second_sidebar":"","ocean_disable_margins":"enable","ocean_add_body_class":"","ocean_shortcode_before_top_bar":"","ocean_shortcode_after_top_bar":"","ocean_shortcode_before_header":"","ocean_shortcode_after_header":"","ocean_has_shortcode":"","ocean_shortcode_after_title":"","ocean_shortcode_before_footer_widgets":"","ocean_shortcode_after_footer_widgets":"","ocean_shortcode_before_footer_bottom":"","ocean_shortcode_after_footer_bottom":"","ocean_display_top_bar":"default","ocean_display_header":"default","ocean_header_style":"","ocean_center_header_left_menu":"","ocean_custom_header_template":"","ocean_custom_logo":0,"ocean_custom_retina_logo":0,"ocean_custom_logo_max_width":0,"ocean_custom_logo_tablet_max_width":0,"ocean_custom_logo_mobile_max_width":0,"ocean_custom_logo_max_height":0,"ocean_custom_logo_tablet_max_height":0,"ocean_custom_logo_mobile_max_height":0,"ocean_header_custom_menu":"","ocean_menu_typo_font_family":"","ocean_menu_typo_font_subset":"","ocean_menu_typo_font_size":0,"ocean_menu_typo_font_size_tablet":0,"ocean_menu_typo_font_size_mobile":0,"ocean_menu_typo_font_size_unit":"px","ocean_menu_typo_font_weight":"","ocean_menu_typo_font_weight_tablet":"","ocean_menu_typo_font_weight_mobile":"","ocean_menu_typo_transform":"","ocean_menu_typo_transform_tablet":"","ocean_menu_typo_transform_mobile":"","ocean_menu_typo_line_height":0,"ocean_menu_typo_line_height_tablet":0,"ocean_menu_typo_line_height_mobile":0,"ocean_menu_typo_line_height_unit":"","ocean_menu_typo_spacing":0,"ocean_menu_typo_spacing_tablet":0,"ocean_menu_typo_spacing_mobile":0,"ocean_menu_typo_spacing_unit":"","ocean_menu_link_color":"","ocean_menu_link_color_hover":"","ocean_menu_link_color_active":"","ocean_menu_link_background":"","ocean_menu_link_hover_background":"","ocean_menu_link_active_background":"","ocean_menu_social_links_bg":"","ocean_menu_social_hover_links_bg":"","ocean_menu_social_links_color":"","ocean_menu_social_hover_links_color":"","ocean_disable_title":"default","ocean_disable_heading":"default","ocean_post_title":"","ocean_post_subheading":"","ocean_post_title_style":"","ocean_post_title_background_color":"","ocean_post_title_background":0,"ocean_post_title_bg_image_position":"","ocean_post_title_bg_image_attachment":"","ocean_post_title_bg_image_repeat":"","ocean_post_title_bg_image_size":"","ocean_post_title_height":0,"ocean_post_title_bg_overlay":0.5,"ocean_post_title_bg_overlay_color":"","ocean_disable_breadcrumbs":"default","ocean_breadcrumbs_color":"","ocean_breadcrumbs_separator_color":"","ocean_breadcrumbs_links_color":"","ocean_breadcrumbs_links_hover_color":"","ocean_display_footer_widgets":"default","ocean_display_footer_bottom":"default","ocean_custom_footer_template":"","ocean_post_oembed":"","ocean_post_self_hosted_media":"","ocean_post_video_embed":"","ocean_link_format":"","ocean_link_format_target":"self","ocean_quote_format":"","ocean_quote_format_link":"post","ocean_gallery_link_images":"on","ocean_gallery_id":[],"footnotes":""},"categories":[1],"tags":[],"class_list":["post-3248","post","type-post","status-publish","format-standard","has-post-thumbnail","hentry","category-logistique-et-supply-chain","entry","has-media"],"yoast_head":"<!-- This site is optimized with the Yoast SEO plugin v27.5 - https:\/\/yoast.com\/product\/yoast-seo-wordpress\/ -->\n<title>Un regard sur les tendances durables dans la logistique - International Freight Services<\/title>\n<meta name=\"description\" content=\"Explorez les tendances de pointe en logistique durable, de la technologie verte \u00e0 la r\u00e9duction des \u00e9missions, pour un avenir plus propre.\" \/>\n<meta name=\"robots\" content=\"index, follow, max-snippet:-1, max-image-preview:large, max-video-preview:-1\" \/>\n<link rel=\"canonical\" href=\"https:\/\/www.ifstransit.com\/en\/un-regard-sur-les-tendances-durables-dans-la-logistique\/\" \/>\n<meta property=\"og:locale\" content=\"en_US\" \/>\n<meta property=\"og:type\" content=\"article\" \/>\n<meta property=\"og:title\" content=\"Un regard sur les tendances durables dans la logistique - International Freight Services\" \/>\n<meta property=\"og:description\" content=\"Explorez les tendances de pointe en logistique durable, de la technologie verte \u00e0 la r\u00e9duction des \u00e9missions, pour un avenir plus propre.\" \/>\n<meta property=\"og:url\" content=\"https:\/\/www.ifstransit.com\/en\/un-regard-sur-les-tendances-durables-dans-la-logistique\/\" \/>\n<meta property=\"og:site_name\" content=\"International Freight Services\" \/>\n<meta property=\"article:published_time\" content=\"2023-10-05T05:28:21+00:00\" \/>\n<meta property=\"og:image\" content=\"https:\/\/www.ifstransit.com\/wp-content\/uploads\/2023\/09\/un-regard-sur-les-tendances-durables-dans-la-logistique.jpg\" \/>\n\t<meta property=\"og:image:width\" content=\"770\" \/>\n\t<meta property=\"og:image:height\" content=\"332\" \/>\n\t<meta property=\"og:image:type\" content=\"image\/jpeg\" \/>\n<meta name=\"author\" content=\"IFS\" \/>\n<meta name=\"twitter:card\" content=\"summary_large_image\" \/>\n<meta name=\"twitter:label1\" content=\"Written by\" \/>\n\t<meta name=\"twitter:data1\" content=\"IFS\" \/>\n\t<meta name=\"twitter:label2\" content=\"Est. reading time\" \/>\n\t<meta name=\"twitter:data2\" content=\"4 minutes\" \/>\n<script type=\"application\/ld+json\" class=\"yoast-schema-graph\">{\"@context\":\"https:\\\/\\\/schema.org\",\"@graph\":[{\"@type\":\"Article\",\"@id\":\"https:\\\/\\\/www.ifstransit.com\\\/un-regard-sur-les-tendances-durables-dans-la-logistique\\\/#article\",\"isPartOf\":{\"@id\":\"https:\\\/\\\/www.ifstransit.com\\\/un-regard-sur-les-tendances-durables-dans-la-logistique\\\/\"},\"author\":{\"name\":\"IFS\",\"@id\":\"https:\\\/\\\/www.ifstransit.com\\\/#\\\/schema\\\/person\\\/16fe4697a0dffc24e992120351b79a84\"},\"headline\":\"Un regard sur les tendances durables dans la logistique\",\"datePublished\":\"2023-10-05T05:28:21+00:00\",\"mainEntityOfPage\":{\"@id\":\"https:\\\/\\\/www.ifstransit.com\\\/un-regard-sur-les-tendances-durables-dans-la-logistique\\\/\"},\"wordCount\":760,\"publisher\":{\"@id\":\"https:\\\/\\\/www.ifstransit.com\\\/#organization\"},\"image\":{\"@id\":\"https:\\\/\\\/www.ifstransit.com\\\/un-regard-sur-les-tendances-durables-dans-la-logistique\\\/#primaryimage\"},\"thumbnailUrl\":\"https:\\\/\\\/www.ifstransit.com\\\/wp-content\\\/uploads\\\/2023\\\/09\\\/un-regard-sur-les-tendances-durables-dans-la-logistique.jpg\",\"articleSection\":[\"Logistique &amp; Supply chain\"],\"inLanguage\":\"en-US\"},{\"@type\":\"WebPage\",\"@id\":\"https:\\\/\\\/www.ifstransit.com\\\/un-regard-sur-les-tendances-durables-dans-la-logistique\\\/\",\"url\":\"https:\\\/\\\/www.ifstransit.com\\\/un-regard-sur-les-tendances-durables-dans-la-logistique\\\/\",\"name\":\"Un regard sur les tendances durables dans la logistique - International Freight Services\",\"isPartOf\":{\"@id\":\"https:\\\/\\\/www.ifstransit.com\\\/#website\"},\"primaryImageOfPage\":{\"@id\":\"https:\\\/\\\/www.ifstransit.com\\\/un-regard-sur-les-tendances-durables-dans-la-logistique\\\/#primaryimage\"},\"image\":{\"@id\":\"https:\\\/\\\/www.ifstransit.com\\\/un-regard-sur-les-tendances-durables-dans-la-logistique\\\/#primaryimage\"},\"thumbnailUrl\":\"https:\\\/\\\/www.ifstransit.com\\\/wp-content\\\/uploads\\\/2023\\\/09\\\/un-regard-sur-les-tendances-durables-dans-la-logistique.jpg\",\"datePublished\":\"2023-10-05T05:28:21+00:00\",\"description\":\"Explorez les tendances de pointe en logistique durable, de la technologie verte \u00e0 la r\u00e9duction des \u00e9missions, pour un avenir plus propre.\",\"breadcrumb\":{\"@id\":\"https:\\\/\\\/www.ifstransit.com\\\/un-regard-sur-les-tendances-durables-dans-la-logistique\\\/#breadcrumb\"},\"inLanguage\":\"en-US\",\"potentialAction\":[{\"@type\":\"ReadAction\",\"target\":[\"https:\\\/\\\/www.ifstransit.com\\\/un-regard-sur-les-tendances-durables-dans-la-logistique\\\/\"]}]},{\"@type\":\"ImageObject\",\"inLanguage\":\"en-US\",\"@id\":\"https:\\\/\\\/www.ifstransit.com\\\/un-regard-sur-les-tendances-durables-dans-la-logistique\\\/#primaryimage\",\"url\":\"https:\\\/\\\/www.ifstransit.com\\\/wp-content\\\/uploads\\\/2023\\\/09\\\/un-regard-sur-les-tendances-durables-dans-la-logistique.jpg\",\"contentUrl\":\"https:\\\/\\\/www.ifstransit.com\\\/wp-content\\\/uploads\\\/2023\\\/09\\\/un-regard-sur-les-tendances-durables-dans-la-logistique.jpg\",\"width\":770,\"height\":332,\"caption\":\"logistique durable\"},{\"@type\":\"BreadcrumbList\",\"@id\":\"https:\\\/\\\/www.ifstransit.com\\\/un-regard-sur-les-tendances-durables-dans-la-logistique\\\/#breadcrumb\",\"itemListElement\":[{\"@type\":\"ListItem\",\"position\":1,\"name\":\"Accueil\",\"item\":\"https:\\\/\\\/www.ifstransit.com\\\/\"},{\"@type\":\"ListItem\",\"position\":2,\"name\":\"Un regard sur les tendances durables dans la logistique\"}]},{\"@type\":\"WebSite\",\"@id\":\"https:\\\/\\\/www.ifstransit.com\\\/#website\",\"url\":\"https:\\\/\\\/www.ifstransit.com\\\/\",\"name\":\"International Freight Services\",\"description\":\"\",\"publisher\":{\"@id\":\"https:\\\/\\\/www.ifstransit.com\\\/#organization\"},\"potentialAction\":[{\"@type\":\"SearchAction\",\"target\":{\"@type\":\"EntryPoint\",\"urlTemplate\":\"https:\\\/\\\/www.ifstransit.com\\\/?s={search_term_string}\"},\"query-input\":{\"@type\":\"PropertyValueSpecification\",\"valueRequired\":true,\"valueName\":\"search_term_string\"}}],\"inLanguage\":\"en-US\"},{\"@type\":\"Organization\",\"@id\":\"https:\\\/\\\/www.ifstransit.com\\\/#organization\",\"name\":\"International Freight Services\",\"url\":\"https:\\\/\\\/www.ifstransit.com\\\/\",\"logo\":{\"@type\":\"ImageObject\",\"inLanguage\":\"en-US\",\"@id\":\"https:\\\/\\\/www.ifstransit.com\\\/#\\\/schema\\\/logo\\\/image\\\/\",\"url\":\"https:\\\/\\\/www.ifstransit.com\\\/wp-content\\\/uploads\\\/2023\\\/10\\\/cropped-IFS-logo-principal.jpg\",\"contentUrl\":\"https:\\\/\\\/www.ifstransit.com\\\/wp-content\\\/uploads\\\/2023\\\/10\\\/cropped-IFS-logo-principal.jpg\",\"width\":631,\"height\":173,\"caption\":\"International Freight Services\"},\"image\":{\"@id\":\"https:\\\/\\\/www.ifstransit.com\\\/#\\\/schema\\\/logo\\\/image\\\/\"}},{\"@type\":\"Person\",\"@id\":\"https:\\\/\\\/www.ifstransit.com\\\/#\\\/schema\\\/person\\\/16fe4697a0dffc24e992120351b79a84\",\"name\":\"IFS\",\"image\":{\"@type\":\"ImageObject\",\"inLanguage\":\"en-US\",\"@id\":\"https:\\\/\\\/www.ifstransit.com\\\/wp-content\\\/litespeed\\\/avatar\\\/0d5089cf49a8de21534c35646e0b2553.jpg?ver=1777465883\",\"url\":\"https:\\\/\\\/www.ifstransit.com\\\/wp-content\\\/litespeed\\\/avatar\\\/0d5089cf49a8de21534c35646e0b2553.jpg?ver=1777465883\",\"contentUrl\":\"https:\\\/\\\/www.ifstransit.com\\\/wp-content\\\/litespeed\\\/avatar\\\/0d5089cf49a8de21534c35646e0b2553.jpg?ver=1777465883\",\"caption\":\"IFS\"},\"sameAs\":[\"https:\\\/\\\/www.ifstransit.com\"]}]}<\/script>\n<!-- \/ Yoast SEO plugin. -->","yoast_head_json":{"title":"Un regard sur les tendances durables dans la logistique - International Freight Services","description":"Explorez les tendances de pointe en logistique durable, de la technologie verte \u00e0 la r\u00e9duction des \u00e9missions, pour un avenir plus propre.","robots":{"index":"index","follow":"follow","max-snippet":"max-snippet:-1","max-image-preview":"max-image-preview:large","max-video-preview":"max-video-preview:-1"},"canonical":"https:\/\/www.ifstransit.com\/en\/un-regard-sur-les-tendances-durables-dans-la-logistique\/","og_locale":"en_US","og_type":"article","og_title":"Un regard sur les tendances durables dans la logistique - International Freight Services","og_description":"Explorez les tendances de pointe en logistique durable, de la technologie verte \u00e0 la r\u00e9duction des \u00e9missions, pour un avenir plus propre.","og_url":"https:\/\/www.ifstransit.com\/en\/un-regard-sur-les-tendances-durables-dans-la-logistique\/","og_site_name":"International Freight Services","article_published_time":"2023-10-05T05:28:21+00:00","og_image":[{"width":770,"height":332,"url":"https:\/\/www.ifstransit.com\/wp-content\/uploads\/2023\/09\/un-regard-sur-les-tendances-durables-dans-la-logistique.jpg","type":"image\/jpeg"}],"author":"IFS","twitter_card":"summary_large_image","twitter_misc":{"Written by":"IFS","Est. reading time":"4 minutes"},"schema":{"@context":"https:\/\/schema.org","@graph":[{"@type":"Article","@id":"https:\/\/www.ifstransit.com\/un-regard-sur-les-tendances-durables-dans-la-logistique\/#article","isPartOf":{"@id":"https:\/\/www.ifstransit.com\/un-regard-sur-les-tendances-durables-dans-la-logistique\/"},"author":{"name":"IFS","@id":"https:\/\/www.ifstransit.com\/#\/schema\/person\/16fe4697a0dffc24e992120351b79a84"},"headline":"Un regard sur les tendances durables dans la logistique","datePublished":"2023-10-05T05:28:21+00:00","mainEntityOfPage":{"@id":"https:\/\/www.ifstransit.com\/un-regard-sur-les-tendances-durables-dans-la-logistique\/"},"wordCount":760,"publisher":{"@id":"https:\/\/www.ifstransit.com\/#organization"},"image":{"@id":"https:\/\/www.ifstransit.com\/un-regard-sur-les-tendances-durables-dans-la-logistique\/#primaryimage"},"thumbnailUrl":"https:\/\/www.ifstransit.com\/wp-content\/uploads\/2023\/09\/un-regard-sur-les-tendances-durables-dans-la-logistique.jpg","articleSection":["Logistique &amp; Supply chain"],"inLanguage":"en-US"},{"@type":"WebPage","@id":"https:\/\/www.ifstransit.com\/un-regard-sur-les-tendances-durables-dans-la-logistique\/","url":"https:\/\/www.ifstransit.com\/un-regard-sur-les-tendances-durables-dans-la-logistique\/","name":"Un regard sur les tendances durables dans la logistique - International Freight Services","isPartOf":{"@id":"https:\/\/www.ifstransit.com\/#website"},"primaryImageOfPage":{"@id":"https:\/\/www.ifstransit.com\/un-regard-sur-les-tendances-durables-dans-la-logistique\/#primaryimage"},"image":{"@id":"https:\/\/www.ifstransit.com\/un-regard-sur-les-tendances-durables-dans-la-logistique\/#primaryimage"},"thumbnailUrl":"https:\/\/www.ifstransit.com\/wp-content\/uploads\/2023\/09\/un-regard-sur-les-tendances-durables-dans-la-logistique.jpg","datePublished":"2023-10-05T05:28:21+00:00","description":"Explorez les tendances de pointe en logistique durable, de la technologie verte \u00e0 la r\u00e9duction des \u00e9missions, pour un avenir plus propre.","breadcrumb":{"@id":"https:\/\/www.ifstransit.com\/un-regard-sur-les-tendances-durables-dans-la-logistique\/#breadcrumb"},"inLanguage":"en-US","potentialAction":[{"@type":"ReadAction","target":["https:\/\/www.ifstransit.com\/un-regard-sur-les-tendances-durables-dans-la-logistique\/"]}]},{"@type":"ImageObject","inLanguage":"en-US","@id":"https:\/\/www.ifstransit.com\/un-regard-sur-les-tendances-durables-dans-la-logistique\/#primaryimage","url":"https:\/\/www.ifstransit.com\/wp-content\/uploads\/2023\/09\/un-regard-sur-les-tendances-durables-dans-la-logistique.jpg","contentUrl":"https:\/\/www.ifstransit.com\/wp-content\/uploads\/2023\/09\/un-regard-sur-les-tendances-durables-dans-la-logistique.jpg","width":770,"height":332,"caption":"logistique durable"},{"@type":"BreadcrumbList","@id":"https:\/\/www.ifstransit.com\/un-regard-sur-les-tendances-durables-dans-la-logistique\/#breadcrumb","itemListElement":[{"@type":"ListItem","position":1,"name":"Accueil","item":"https:\/\/www.ifstransit.com\/"},{"@type":"ListItem","position":2,"name":"Un regard sur les tendances durables dans la logistique"}]},{"@type":"WebSite","@id":"https:\/\/www.ifstransit.com\/#website","url":"https:\/\/www.ifstransit.com\/","name":"International Freight Services","description":"","publisher":{"@id":"https:\/\/www.ifstransit.com\/#organization"},"potentialAction":[{"@type":"SearchAction","target":{"@type":"EntryPoint","urlTemplate":"https:\/\/www.ifstransit.com\/?s={search_term_string}"},"query-input":{"@type":"PropertyValueSpecification","valueRequired":true,"valueName":"search_term_string"}}],"inLanguage":"en-US"},{"@type":"Organization","@id":"https:\/\/www.ifstransit.com\/#organization","name":"International Freight Services","url":"https:\/\/www.ifstransit.com\/","logo":{"@type":"ImageObject","inLanguage":"en-US","@id":"https:\/\/www.ifstransit.com\/#\/schema\/logo\/image\/","url":"https:\/\/www.ifstransit.com\/wp-content\/uploads\/2023\/10\/cropped-IFS-logo-principal.jpg","contentUrl":"https:\/\/www.ifstransit.com\/wp-content\/uploads\/2023\/10\/cropped-IFS-logo-principal.jpg","width":631,"height":173,"caption":"International Freight Services"},"image":{"@id":"https:\/\/www.ifstransit.com\/#\/schema\/logo\/image\/"}},{"@type":"Person","@id":"https:\/\/www.ifstransit.com\/#\/schema\/person\/16fe4697a0dffc24e992120351b79a84","name":"IFS","image":{"@type":"ImageObject","inLanguage":"en-US","@id":"https:\/\/www.ifstransit.com\/wp-content\/litespeed\/avatar\/0d5089cf49a8de21534c35646e0b2553.jpg?ver=1777465883","url":"https:\/\/www.ifstransit.com\/wp-content\/litespeed\/avatar\/0d5089cf49a8de21534c35646e0b2553.jpg?ver=1777465883","contentUrl":"https:\/\/www.ifstransit.com\/wp-content\/litespeed\/avatar\/0d5089cf49a8de21534c35646e0b2553.jpg?ver=1777465883","caption":"IFS"},"sameAs":["https:\/\/www.ifstransit.com"]}]}},"_links":{"self":[{"href":"https:\/\/www.ifstransit.com\/en\/wp-json\/wp\/v2\/posts\/3248","targetHints":{"allow":["GET"]}}],"collection":[{"href":"https:\/\/www.ifstransit.com\/en\/wp-json\/wp\/v2\/posts"}],"about":[{"href":"https:\/\/www.ifstransit.com\/en\/wp-json\/wp\/v2\/types\/post"}],"author":[{"embeddable":true,"href":"https:\/\/www.ifstransit.com\/en\/wp-json\/wp\/v2\/users\/1"}],"replies":[{"embeddable":true,"href":"https:\/\/www.ifstransit.com\/en\/wp-json\/wp\/v2\/comments?post=3248"}],"version-history":[{"count":1,"href":"https:\/\/www.ifstransit.com\/en\/wp-json\/wp\/v2\/posts\/3248\/revisions"}],"predecessor-version":[{"id":3249,"href":"https:\/\/www.ifstransit.com\/en\/wp-json\/wp\/v2\/posts\/3248\/revisions\/3249"}],"wp:featuredmedia":[{"embeddable":true,"href":"https:\/\/www.ifstransit.com\/en\/wp-json\/wp\/v2\/media\/3242"}],"wp:attachment":[{"href":"https:\/\/www.ifstransit.com\/en\/wp-json\/wp\/v2\/media?parent=3248"}],"wp:term":[{"taxonomy":"category","embeddable":true,"href":"https:\/\/www.ifstransit.com\/en\/wp-json\/wp\/v2\/categories?post=3248"},{"taxonomy":"post_tag","embeddable":true,"href":"https:\/\/www.ifstransit.com\/en\/wp-json\/wp\/v2\/tags?post=3248"}],"curies":[{"name":"wp","href":"https:\/\/api.w.org\/{rel}","templated":true}]}}