{"id":3254,"date":"2023-10-12T05:37:08","date_gmt":"2023-10-12T05:37:08","guid":{"rendered":"https:\/\/www.ifstransit.com\/?p=3254"},"modified":"2023-09-19T05:39:03","modified_gmt":"2023-09-19T05:39:03","slug":"limpact-des-accords-commerciaux-internationaux-sur-le-fret","status":"publish","type":"post","link":"https:\/\/www.ifstransit.com\/en\/limpact-des-accords-commerciaux-internationaux-sur-le-fret\/","title":{"rendered":"L&rsquo;Impact des Accords Commerciaux Internationaux sur le Fret"},"content":{"rendered":"<div style=\"height:115px\" aria-hidden=\"true\" class=\"wp-block-spacer\"><\/div>\n\n\n<figure class=\"wp-block-post-featured-image\"><img fetchpriority=\"high\" decoding=\"async\" width=\"770\" height=\"332\" src=\"https:\/\/www.ifstransit.com\/wp-content\/uploads\/2023\/09\/limpact-des-accords-commerciaux-internationaux-sur-le-fret.jpg\" class=\"attachment-post-thumbnail size-post-thumbnail wp-post-image\" alt=\"accords commerciaux internationaux\" style=\"object-fit:cover;\" srcset=\"https:\/\/www.ifstransit.com\/wp-content\/uploads\/2023\/09\/limpact-des-accords-commerciaux-internationaux-sur-le-fret.jpg 770w, https:\/\/www.ifstransit.com\/wp-content\/uploads\/2023\/09\/limpact-des-accords-commerciaux-internationaux-sur-le-fret-768x331.jpg 768w, https:\/\/www.ifstransit.com\/wp-content\/uploads\/2023\/09\/limpact-des-accords-commerciaux-internationaux-sur-le-fret-18x8.jpg 18w\" sizes=\"(max-width: 770px) 100vw, 770px\" \/><\/figure>\n\n\n<ul class=\"wp-block-social-links has-small-icon-size is-layout-flex wp-block-social-links-is-layout-flex\"><li class=\"wp-social-link wp-social-link-linkedin  wp-block-social-link\"><a rel=\"noopener nofollow\" target=\"_blank\" href=\"https:\/\/www.linkedin.com\/company\/internationalfreightservices\" class=\"wp-block-social-link-anchor\"><svg width=\"24\" height=\"24\" viewbox=\"0 0 24 24\" version=\"1.1\" xmlns=\"http:\/\/www.w3.org\/2000\/svg\" aria-hidden=\"true\" focusable=\"false\"><path d=\"M19.7,3H4.3C3.582,3,3,3.582,3,4.3v15.4C3,20.418,3.582,21,4.3,21h15.4c0.718,0,1.3-0.582,1.3-1.3V4.3 C21,3.582,20.418,3,19.7,3z M8.339,18.338H5.667v-8.59h2.672V18.338z M7.004,8.574c-0.857,0-1.549-0.694-1.549-1.548 c0-0.855,0.691-1.548,1.549-1.548c0.854,0,1.547,0.694,1.547,1.548C8.551,7.881,7.858,8.574,7.004,8.574z M18.339,18.338h-2.669 v-4.177c0-0.996-0.017-2.278-1.387-2.278c-1.389,0-1.601,1.086-1.601,2.206v4.249h-2.667v-8.59h2.559v1.174h0.037 c0.356-0.675,1.227-1.387,2.526-1.387c2.703,0,3.203,1.779,3.203,4.092V18.338z\"><\/path><\/svg><span class=\"wp-block-social-link-label screen-reader-text\">LinkedIn<\/span><\/a><\/li>\n\n<li class=\"wp-social-link wp-social-link-mail  wp-block-social-link\"><a rel=\"noopener nofollow\" target=\"_blank\" href=\"mailto:&#099;on&#116;&#097;&#099;t&#064;&#105;f&#115;t&#114;a&#110;sit&#046;&#099;&#111;m\" class=\"wp-block-social-link-anchor\"><svg width=\"24\" height=\"24\" viewbox=\"0 0 24 24\" version=\"1.1\" xmlns=\"http:\/\/www.w3.org\/2000\/svg\" aria-hidden=\"true\" focusable=\"false\"><path d=\"M19,5H5c-1.1,0-2,.9-2,2v10c0,1.1.9,2,2,2h14c1.1,0,2-.9,2-2V7c0-1.1-.9-2-2-2zm.5,12c0,.3-.2.5-.5.5H5c-.3,0-.5-.2-.5-.5V9.8l7.5,5.6,7.5-5.6V17zm0-9.1L12,13.6,4.5,7.9V7c0-.3.2-.5.5-.5h14c.3,0,.5.2.5.5v.9z\"><\/path><\/svg><span class=\"wp-block-social-link-label screen-reader-text\">Mail<\/span><\/a><\/li><\/ul>\n\n\n\n<div style=\"height:20px\" aria-hidden=\"true\" class=\"wp-block-spacer\"><\/div>\n\n\n\n<p>Les accords commerciaux internationaux sont une composante essentielle des relations \u00e9conomiques entre nations. Con\u00e7us pour faciliter les \u00e9changes transfrontaliers, ils influent consid\u00e9rablement sur l&rsquo;industrie du fret. <\/p>\n\n\n\n<p>Dans cet article, nous explorerons en profondeur comment ces accords transforment le paysage du <a href=\"\/en\/\">fret international<\/a> et affectent les divers acteurs impliqu\u00e9s.<\/p>\n\n\n\n<h2 class=\"wp-block-heading\">Comprendre les Accords Commerciaux Internationaux<\/h2>\n\n\n\n<p>Les Accords Commerciaux Internationaux, qu&rsquo;ils soient bilat\u00e9raux ou multilat\u00e9raux, sont des ententes conclues entre nations pour promouvoir le commerce mondial en r\u00e9duisant ou en \u00e9liminant les obstacles tels que les tarifs douaniers, les quotas d&rsquo;importation et les restrictions non tarifaires. Leur objectif ultime est de favoriser un flux plus fluide des marchandises entre les pays participants.<\/p>\n\n\n\n<h2 class=\"wp-block-heading\">Les Principaux Accords Commerciaux et Leurs Effets<\/h2>\n\n\n\n<h3 class=\"wp-block-heading\">L&rsquo;Accord de Libre-\u00c9change Nord-Am\u00e9ricain (ALENA)<\/h3>\n\n\n\n<p>L&rsquo;ALENA, qui a transform\u00e9 le commerce entre le Canada, les \u00c9tats-Unis et le Mexique, constitue un exemple notable. Cet accord a ouvert de nouvelles opportunit\u00e9s pour les entreprises de transport et de logistique en supprimant les barri\u00e8res tarifaires et en facilitant les mouvements transfrontaliers.<\/p>\n\n\n\n<h3 class=\"wp-block-heading\">L&rsquo;Accord de Partenariat Transpacifique (TPP)<\/h3>\n\n\n\n<p>Le TPP a eu un impact majeur sur le transport de marchandises dans la r\u00e9gion Asie-Pacifique. En \u00e9liminant ou en r\u00e9duisant les droits de douane sur de nombreuses marchandises, il a non seulement facilit\u00e9 les \u00e9changes, mais aussi stimul\u00e9 la croissance \u00e9conomique dans la r\u00e9gion.<\/p>\n\n\n\n<h3 class=\"wp-block-heading\">L&rsquo;Accord \u00c9conomique et Commercial Global (AECG)<\/h3>\n\n\n\n<p>L&rsquo;AECG entre le Canada et l&rsquo;Union europ\u00e9enne a ouvert de nouvelles voies pour le fret transatlantique. En supprimant les obstacles commerciaux, il a encourag\u00e9 les \u00e9changes entre ces deux entit\u00e9s \u00e9conomiques majeures.<\/p>\n\n\n\n<h2 class=\"wp-block-heading\">L&rsquo;Effet sur les Compagnies de Transport<\/h2>\n\n\n\n<h3 class=\"wp-block-heading\">Expansion des Opportunit\u00e9s<\/h3>\n\n\n\n<p>Les accords commerciaux internationaux ont ouvert de nouvelles perspectives pour les entreprises de transport. Ces entreprises peuvent d\u00e9sormais envisager des march\u00e9s internationaux sans les entraves tarifaires et bureaucratiques qui existaient auparavant.<\/p>\n\n\n\n<h3 class=\"wp-block-heading\">Adaptation aux Normes Internationales<\/h3>\n\n\n\n<p>Cependant, pour tirer pleinement parti de ces accords, les entreprises de fret doivent s&rsquo;adapter aux normes internationales. Cela englobe la gestion complexe de la documentation, la conformit\u00e9 aux r\u00e9glementations douani\u00e8res et la ma\u00eetrise des d\u00e9lais de livraison transfrontaliers.<\/p>\n\n\n\n<h2 class=\"wp-block-heading\">Les D\u00e9fis du Fret International<\/h2>\n\n\n\n<h3 class=\"wp-block-heading\">Concurrence Acharn\u00e9e<\/h3>\n\n\n\n<p>L&rsquo;ouverture des fronti\u00e8res a conduit \u00e0 une concurrence f\u00e9roce dans le secteur du fret international. Les entreprises doivent maintenant \u00eatre plus comp\u00e9titives que jamais pour rester pertinentes.<\/p>\n\n\n\n<h3 class=\"wp-block-heading\">Complexit\u00e9 Logistique<\/h3>\n\n\n\n<p>Les exp\u00e9ditions internationales sont souvent associ\u00e9es \u00e0 une logistique complexe, notamment la gestion des douanes, des r\u00e8glements sanitaires et des contr\u00f4les de s\u00e9curit\u00e9. Cela ajoute une couche suppl\u00e9mentaire de complexit\u00e9 pour les entreprises de transport.<\/p>\n\n\n\n<h3 class=\"wp-block-heading\">Volatilit\u00e9 des March\u00e9s<\/h3>\n\n\n\n<p>Les march\u00e9s internationaux sont sensibles \u00e0 la volatilit\u00e9 \u00e9conomique et politique. Les perturbations telles que les changements de r\u00e9glementations commerciales ou les crises \u00e9conomiques peuvent affecter consid\u00e9rablement le secteur du fret.<\/p>\n\n\n\n<h2 class=\"wp-block-heading\">Les Avantages pour les Consommateurs<\/h2>\n\n\n\n<h3 class=\"wp-block-heading\">Prix Plus Bas<\/h3>\n\n\n\n<p>Pour les consommateurs, les accords commerciaux internationaux se traduisent souvent par des prix plus bas pour les produits import\u00e9s. Cela peut all\u00e9ger le fardeau financier des m\u00e9nages.<\/p>\n\n\n\n<h3 class=\"wp-block-heading\">Plus de Choix<\/h3>\n\n\n\n<p>Ces accords \u00e9largissent \u00e9galement la gamme de produits disponibles sur le march\u00e9, offrant aux consommateurs un plus grand choix de biens et de services.<\/p>\n\n\n\n<h2 class=\"wp-block-heading\">Le R\u00f4le des Gouvernements<\/h2>\n\n\n\n<h3 class=\"wp-block-heading\">N\u00e9gociation et Ratification<\/h3>\n\n\n\n<p>Les gouvernements jouent un r\u00f4le central dans la n\u00e9gociation et la ratification de ces accords. Leur influence est cruciale pour fa\u00e7onner les termes des ententes commerciales et pour garantir leur mise en \u0153uvre.<\/p>\n\n\n\n<h3 class=\"wp-block-heading\">Surveillance et R\u00e9glementation<\/h3>\n\n\n\n<p>Ils sont \u00e9galement responsables de surveiller le respect des accords et de mettre en place des r\u00e9glementations appropri\u00e9es pour garantir que le commerce international se d\u00e9roule de mani\u00e8re \u00e9quitable et conforme aux normes \u00e9tablies.<\/p>\n\n\n\n<p>Les accords commerciaux internationaux ont un impact profond sur l&rsquo;industrie du fret, remodelant la mani\u00e8re dont les marchandises sont transport\u00e9es \u00e0 travers le monde. Ils offrent des opportunit\u00e9s substantielles pour les entreprises de transport, mais aussi des d\u00e9fis importants.&nbsp;<\/p>\n\n\n\n<p>Pour les consommateurs, ces accords signifient souvent des prix plus bas et un plus grand choix. Dans l&rsquo;ensemble, la dynamique des accords commerciaux internationaux et du fret continuera d&rsquo;\u00e9voluer \u00e0 mesure que le monde devient de plus en plus connect\u00e9 \u00e9conomiquement.<\/p>\n\n\n\n<div style=\"height:15px\" aria-hidden=\"true\" class=\"wp-block-spacer\"><\/div>\n\n\n\n<hr class=\"wp-block-separator has-alpha-channel-opacity is-style-wide\"\/>\n\n\n\n<div class=\"wp-block-columns is-layout-flex wp-container-core-columns-is-layout-9d6595d7 wp-block-columns-is-layout-flex\">\n<div class=\"wp-block-column is-layout-flow wp-block-column-is-layout-flow\"><\/div>\n\n\n\n<div class=\"wp-block-column is-layout-flow wp-block-column-is-layout-flow\"><\/div>\n<\/div>\n\n\n\n<div style=\"height:50px\" aria-hidden=\"true\" class=\"wp-block-spacer\"><\/div>","protected":false},"excerpt":{"rendered":"<p>Les accords commerciaux internationaux sont une composante essentielle des relations \u00e9conomiques entre nations. Con\u00e7us pour faciliter les \u00e9changes transfrontaliers, ils influent consid\u00e9rablement sur l&rsquo;industrie du fret. Dans cet article, nous explorerons en profondeur comment ces accords transforment le paysage du fret international et affectent les divers acteurs impliqu\u00e9s. Comprendre les Accords Commerciaux Internationaux Les Accords [&hellip;]<\/p>","protected":false},"author":1,"featured_media":3235,"comment_status":"closed","ping_status":"closed","sticky":false,"template":"","format":"standard","meta":{"ocean_post_layout":"","ocean_both_sidebars_style":"","ocean_both_sidebars_content_width":0,"ocean_both_sidebars_sidebars_width":0,"ocean_sidebar":"","ocean_second_sidebar":"","ocean_disable_margins":"enable","ocean_add_body_class":"","ocean_shortcode_before_top_bar":"","ocean_shortcode_after_top_bar":"","ocean_shortcode_before_header":"","ocean_shortcode_after_header":"","ocean_has_shortcode":"","ocean_shortcode_after_title":"","ocean_shortcode_before_footer_widgets":"","ocean_shortcode_after_footer_widgets":"","ocean_shortcode_before_footer_bottom":"","ocean_shortcode_after_footer_bottom":"","ocean_display_top_bar":"default","ocean_display_header":"default","ocean_header_style":"","ocean_center_header_left_menu":"","ocean_custom_header_template":"","ocean_custom_logo":0,"ocean_custom_retina_logo":0,"ocean_custom_logo_max_width":0,"ocean_custom_logo_tablet_max_width":0,"ocean_custom_logo_mobile_max_width":0,"ocean_custom_logo_max_height":0,"ocean_custom_logo_tablet_max_height":0,"ocean_custom_logo_mobile_max_height":0,"ocean_header_custom_menu":"","ocean_menu_typo_font_family":"","ocean_menu_typo_font_subset":"","ocean_menu_typo_font_size":0,"ocean_menu_typo_font_size_tablet":0,"ocean_menu_typo_font_size_mobile":0,"ocean_menu_typo_font_size_unit":"px","ocean_menu_typo_font_weight":"","ocean_menu_typo_font_weight_tablet":"","ocean_menu_typo_font_weight_mobile":"","ocean_menu_typo_transform":"","ocean_menu_typo_transform_tablet":"","ocean_menu_typo_transform_mobile":"","ocean_menu_typo_line_height":0,"ocean_menu_typo_line_height_tablet":0,"ocean_menu_typo_line_height_mobile":0,"ocean_menu_typo_line_height_unit":"","ocean_menu_typo_spacing":0,"ocean_menu_typo_spacing_tablet":0,"ocean_menu_typo_spacing_mobile":0,"ocean_menu_typo_spacing_unit":"","ocean_menu_link_color":"","ocean_menu_link_color_hover":"","ocean_menu_link_color_active":"","ocean_menu_link_background":"","ocean_menu_link_hover_background":"","ocean_menu_link_active_background":"","ocean_menu_social_links_bg":"","ocean_menu_social_hover_links_bg":"","ocean_menu_social_links_color":"","ocean_menu_social_hover_links_color":"","ocean_disable_title":"default","ocean_disable_heading":"default","ocean_post_title":"","ocean_post_subheading":"","ocean_post_title_style":"","ocean_post_title_background_color":"","ocean_post_title_background":0,"ocean_post_title_bg_image_position":"","ocean_post_title_bg_image_attachment":"","ocean_post_title_bg_image_repeat":"","ocean_post_title_bg_image_size":"","ocean_post_title_height":0,"ocean_post_title_bg_overlay":0.5,"ocean_post_title_bg_overlay_color":"","ocean_disable_breadcrumbs":"default","ocean_breadcrumbs_color":"","ocean_breadcrumbs_separator_color":"","ocean_breadcrumbs_links_color":"","ocean_breadcrumbs_links_hover_color":"","ocean_display_footer_widgets":"default","ocean_display_footer_bottom":"default","ocean_custom_footer_template":"","ocean_post_oembed":"","ocean_post_self_hosted_media":"","ocean_post_video_embed":"","ocean_link_format":"","ocean_link_format_target":"self","ocean_quote_format":"","ocean_quote_format_link":"post","ocean_gallery_link_images":"on","ocean_gallery_id":[],"footnotes":""},"categories":[1],"tags":[],"class_list":["post-3254","post","type-post","status-publish","format-standard","has-post-thumbnail","hentry","category-logistique-et-supply-chain","entry","has-media"],"yoast_head":"<!-- This site is optimized with the Yoast SEO plugin v27.5 - https:\/\/yoast.com\/product\/yoast-seo-wordpress\/ -->\n<title>L&#039;Impact des Accords Commerciaux Internationaux sur le Fret - International Freight Services<\/title>\n<meta name=\"description\" content=\"Comment les accords commerciaux internationaux influencent le fret mondial, des opportunit\u00e9s aux d\u00e9fis, et le r\u00f4le crucial des gouvernements.\" \/>\n<meta name=\"robots\" content=\"index, follow, max-snippet:-1, max-image-preview:large, max-video-preview:-1\" \/>\n<link rel=\"canonical\" href=\"https:\/\/www.ifstransit.com\/en\/limpact-des-accords-commerciaux-internationaux-sur-le-fret\/\" \/>\n<meta property=\"og:locale\" content=\"en_US\" \/>\n<meta property=\"og:type\" content=\"article\" \/>\n<meta property=\"og:title\" content=\"L&#039;Impact des Accords Commerciaux Internationaux sur le Fret - International Freight Services\" \/>\n<meta property=\"og:description\" content=\"Comment les accords commerciaux internationaux influencent le fret mondial, des opportunit\u00e9s aux d\u00e9fis, et le r\u00f4le crucial des gouvernements.\" \/>\n<meta property=\"og:url\" content=\"https:\/\/www.ifstransit.com\/en\/limpact-des-accords-commerciaux-internationaux-sur-le-fret\/\" \/>\n<meta property=\"og:site_name\" content=\"International Freight Services\" \/>\n<meta property=\"article:published_time\" content=\"2023-10-12T05:37:08+00:00\" \/>\n<meta property=\"og:image\" content=\"https:\/\/www.ifstransit.com\/wp-content\/uploads\/2023\/09\/limpact-des-accords-commerciaux-internationaux-sur-le-fret.jpg\" \/>\n\t<meta property=\"og:image:width\" content=\"770\" \/>\n\t<meta property=\"og:image:height\" content=\"332\" \/>\n\t<meta property=\"og:image:type\" content=\"image\/jpeg\" \/>\n<meta name=\"author\" content=\"IFS\" \/>\n<meta name=\"twitter:card\" content=\"summary_large_image\" \/>\n<meta name=\"twitter:label1\" content=\"Written by\" \/>\n\t<meta name=\"twitter:data1\" content=\"IFS\" \/>\n\t<meta name=\"twitter:label2\" content=\"Est. reading time\" \/>\n\t<meta name=\"twitter:data2\" content=\"4 minutes\" \/>\n<script type=\"application\/ld+json\" class=\"yoast-schema-graph\">{\"@context\":\"https:\\\/\\\/schema.org\",\"@graph\":[{\"@type\":\"Article\",\"@id\":\"https:\\\/\\\/www.ifstransit.com\\\/limpact-des-accords-commerciaux-internationaux-sur-le-fret\\\/#article\",\"isPartOf\":{\"@id\":\"https:\\\/\\\/www.ifstransit.com\\\/limpact-des-accords-commerciaux-internationaux-sur-le-fret\\\/\"},\"author\":{\"name\":\"IFS\",\"@id\":\"https:\\\/\\\/www.ifstransit.com\\\/#\\\/schema\\\/person\\\/16fe4697a0dffc24e992120351b79a84\"},\"headline\":\"L&rsquo;Impact des Accords Commerciaux Internationaux sur le Fret\",\"datePublished\":\"2023-10-12T05:37:08+00:00\",\"mainEntityOfPage\":{\"@id\":\"https:\\\/\\\/www.ifstransit.com\\\/limpact-des-accords-commerciaux-internationaux-sur-le-fret\\\/\"},\"wordCount\":733,\"publisher\":{\"@id\":\"https:\\\/\\\/www.ifstransit.com\\\/#organization\"},\"image\":{\"@id\":\"https:\\\/\\\/www.ifstransit.com\\\/limpact-des-accords-commerciaux-internationaux-sur-le-fret\\\/#primaryimage\"},\"thumbnailUrl\":\"https:\\\/\\\/www.ifstransit.com\\\/wp-content\\\/uploads\\\/2023\\\/09\\\/limpact-des-accords-commerciaux-internationaux-sur-le-fret.jpg\",\"articleSection\":[\"Logistique &amp; Supply chain\"],\"inLanguage\":\"en-US\"},{\"@type\":\"WebPage\",\"@id\":\"https:\\\/\\\/www.ifstransit.com\\\/limpact-des-accords-commerciaux-internationaux-sur-le-fret\\\/\",\"url\":\"https:\\\/\\\/www.ifstransit.com\\\/limpact-des-accords-commerciaux-internationaux-sur-le-fret\\\/\",\"name\":\"L'Impact des Accords Commerciaux Internationaux sur le Fret - International Freight Services\",\"isPartOf\":{\"@id\":\"https:\\\/\\\/www.ifstransit.com\\\/#website\"},\"primaryImageOfPage\":{\"@id\":\"https:\\\/\\\/www.ifstransit.com\\\/limpact-des-accords-commerciaux-internationaux-sur-le-fret\\\/#primaryimage\"},\"image\":{\"@id\":\"https:\\\/\\\/www.ifstransit.com\\\/limpact-des-accords-commerciaux-internationaux-sur-le-fret\\\/#primaryimage\"},\"thumbnailUrl\":\"https:\\\/\\\/www.ifstransit.com\\\/wp-content\\\/uploads\\\/2023\\\/09\\\/limpact-des-accords-commerciaux-internationaux-sur-le-fret.jpg\",\"datePublished\":\"2023-10-12T05:37:08+00:00\",\"description\":\"Comment les accords commerciaux internationaux influencent le fret mondial, des opportunit\u00e9s aux d\u00e9fis, et le r\u00f4le crucial des gouvernements.\",\"breadcrumb\":{\"@id\":\"https:\\\/\\\/www.ifstransit.com\\\/limpact-des-accords-commerciaux-internationaux-sur-le-fret\\\/#breadcrumb\"},\"inLanguage\":\"en-US\",\"potentialAction\":[{\"@type\":\"ReadAction\",\"target\":[\"https:\\\/\\\/www.ifstransit.com\\\/limpact-des-accords-commerciaux-internationaux-sur-le-fret\\\/\"]}]},{\"@type\":\"ImageObject\",\"inLanguage\":\"en-US\",\"@id\":\"https:\\\/\\\/www.ifstransit.com\\\/limpact-des-accords-commerciaux-internationaux-sur-le-fret\\\/#primaryimage\",\"url\":\"https:\\\/\\\/www.ifstransit.com\\\/wp-content\\\/uploads\\\/2023\\\/09\\\/limpact-des-accords-commerciaux-internationaux-sur-le-fret.jpg\",\"contentUrl\":\"https:\\\/\\\/www.ifstransit.com\\\/wp-content\\\/uploads\\\/2023\\\/09\\\/limpact-des-accords-commerciaux-internationaux-sur-le-fret.jpg\",\"width\":770,\"height\":332,\"caption\":\"accords commerciaux internationaux\"},{\"@type\":\"BreadcrumbList\",\"@id\":\"https:\\\/\\\/www.ifstransit.com\\\/limpact-des-accords-commerciaux-internationaux-sur-le-fret\\\/#breadcrumb\",\"itemListElement\":[{\"@type\":\"ListItem\",\"position\":1,\"name\":\"Accueil\",\"item\":\"https:\\\/\\\/www.ifstransit.com\\\/\"},{\"@type\":\"ListItem\",\"position\":2,\"name\":\"L&rsquo;Impact des Accords Commerciaux Internationaux sur le Fret\"}]},{\"@type\":\"WebSite\",\"@id\":\"https:\\\/\\\/www.ifstransit.com\\\/#website\",\"url\":\"https:\\\/\\\/www.ifstransit.com\\\/\",\"name\":\"International Freight Services\",\"description\":\"\",\"publisher\":{\"@id\":\"https:\\\/\\\/www.ifstransit.com\\\/#organization\"},\"potentialAction\":[{\"@type\":\"SearchAction\",\"target\":{\"@type\":\"EntryPoint\",\"urlTemplate\":\"https:\\\/\\\/www.ifstransit.com\\\/?s={search_term_string}\"},\"query-input\":{\"@type\":\"PropertyValueSpecification\",\"valueRequired\":true,\"valueName\":\"search_term_string\"}}],\"inLanguage\":\"en-US\"},{\"@type\":\"Organization\",\"@id\":\"https:\\\/\\\/www.ifstransit.com\\\/#organization\",\"name\":\"International Freight Services\",\"url\":\"https:\\\/\\\/www.ifstransit.com\\\/\",\"logo\":{\"@type\":\"ImageObject\",\"inLanguage\":\"en-US\",\"@id\":\"https:\\\/\\\/www.ifstransit.com\\\/#\\\/schema\\\/logo\\\/image\\\/\",\"url\":\"https:\\\/\\\/www.ifstransit.com\\\/wp-content\\\/uploads\\\/2023\\\/10\\\/cropped-IFS-logo-principal.jpg\",\"contentUrl\":\"https:\\\/\\\/www.ifstransit.com\\\/wp-content\\\/uploads\\\/2023\\\/10\\\/cropped-IFS-logo-principal.jpg\",\"width\":631,\"height\":173,\"caption\":\"International Freight Services\"},\"image\":{\"@id\":\"https:\\\/\\\/www.ifstransit.com\\\/#\\\/schema\\\/logo\\\/image\\\/\"}},{\"@type\":\"Person\",\"@id\":\"https:\\\/\\\/www.ifstransit.com\\\/#\\\/schema\\\/person\\\/16fe4697a0dffc24e992120351b79a84\",\"name\":\"IFS\",\"image\":{\"@type\":\"ImageObject\",\"inLanguage\":\"en-US\",\"@id\":\"https:\\\/\\\/www.ifstransit.com\\\/wp-content\\\/litespeed\\\/avatar\\\/0d5089cf49a8de21534c35646e0b2553.jpg?ver=1777465883\",\"url\":\"https:\\\/\\\/www.ifstransit.com\\\/wp-content\\\/litespeed\\\/avatar\\\/0d5089cf49a8de21534c35646e0b2553.jpg?ver=1777465883\",\"contentUrl\":\"https:\\\/\\\/www.ifstransit.com\\\/wp-content\\\/litespeed\\\/avatar\\\/0d5089cf49a8de21534c35646e0b2553.jpg?ver=1777465883\",\"caption\":\"IFS\"},\"sameAs\":[\"https:\\\/\\\/www.ifstransit.com\"]}]}<\/script>\n<!-- \/ Yoast SEO plugin. -->","yoast_head_json":{"title":"L'Impact des Accords Commerciaux Internationaux sur le Fret - International Freight Services","description":"Comment les accords commerciaux internationaux influencent le fret mondial, des opportunit\u00e9s aux d\u00e9fis, et le r\u00f4le crucial des gouvernements.","robots":{"index":"index","follow":"follow","max-snippet":"max-snippet:-1","max-image-preview":"max-image-preview:large","max-video-preview":"max-video-preview:-1"},"canonical":"https:\/\/www.ifstransit.com\/en\/limpact-des-accords-commerciaux-internationaux-sur-le-fret\/","og_locale":"en_US","og_type":"article","og_title":"L'Impact des Accords Commerciaux Internationaux sur le Fret - International Freight Services","og_description":"Comment les accords commerciaux internationaux influencent le fret mondial, des opportunit\u00e9s aux d\u00e9fis, et le r\u00f4le crucial des gouvernements.","og_url":"https:\/\/www.ifstransit.com\/en\/limpact-des-accords-commerciaux-internationaux-sur-le-fret\/","og_site_name":"International Freight Services","article_published_time":"2023-10-12T05:37:08+00:00","og_image":[{"width":770,"height":332,"url":"https:\/\/www.ifstransit.com\/wp-content\/uploads\/2023\/09\/limpact-des-accords-commerciaux-internationaux-sur-le-fret.jpg","type":"image\/jpeg"}],"author":"IFS","twitter_card":"summary_large_image","twitter_misc":{"Written by":"IFS","Est. reading time":"4 minutes"},"schema":{"@context":"https:\/\/schema.org","@graph":[{"@type":"Article","@id":"https:\/\/www.ifstransit.com\/limpact-des-accords-commerciaux-internationaux-sur-le-fret\/#article","isPartOf":{"@id":"https:\/\/www.ifstransit.com\/limpact-des-accords-commerciaux-internationaux-sur-le-fret\/"},"author":{"name":"IFS","@id":"https:\/\/www.ifstransit.com\/#\/schema\/person\/16fe4697a0dffc24e992120351b79a84"},"headline":"L&rsquo;Impact des Accords Commerciaux Internationaux sur le Fret","datePublished":"2023-10-12T05:37:08+00:00","mainEntityOfPage":{"@id":"https:\/\/www.ifstransit.com\/limpact-des-accords-commerciaux-internationaux-sur-le-fret\/"},"wordCount":733,"publisher":{"@id":"https:\/\/www.ifstransit.com\/#organization"},"image":{"@id":"https:\/\/www.ifstransit.com\/limpact-des-accords-commerciaux-internationaux-sur-le-fret\/#primaryimage"},"thumbnailUrl":"https:\/\/www.ifstransit.com\/wp-content\/uploads\/2023\/09\/limpact-des-accords-commerciaux-internationaux-sur-le-fret.jpg","articleSection":["Logistique &amp; Supply chain"],"inLanguage":"en-US"},{"@type":"WebPage","@id":"https:\/\/www.ifstransit.com\/limpact-des-accords-commerciaux-internationaux-sur-le-fret\/","url":"https:\/\/www.ifstransit.com\/limpact-des-accords-commerciaux-internationaux-sur-le-fret\/","name":"L'Impact des Accords Commerciaux Internationaux sur le Fret - International Freight Services","isPartOf":{"@id":"https:\/\/www.ifstransit.com\/#website"},"primaryImageOfPage":{"@id":"https:\/\/www.ifstransit.com\/limpact-des-accords-commerciaux-internationaux-sur-le-fret\/#primaryimage"},"image":{"@id":"https:\/\/www.ifstransit.com\/limpact-des-accords-commerciaux-internationaux-sur-le-fret\/#primaryimage"},"thumbnailUrl":"https:\/\/www.ifstransit.com\/wp-content\/uploads\/2023\/09\/limpact-des-accords-commerciaux-internationaux-sur-le-fret.jpg","datePublished":"2023-10-12T05:37:08+00:00","description":"Comment les accords commerciaux internationaux influencent le fret mondial, des opportunit\u00e9s aux d\u00e9fis, et le r\u00f4le crucial des gouvernements.","breadcrumb":{"@id":"https:\/\/www.ifstransit.com\/limpact-des-accords-commerciaux-internationaux-sur-le-fret\/#breadcrumb"},"inLanguage":"en-US","potentialAction":[{"@type":"ReadAction","target":["https:\/\/www.ifstransit.com\/limpact-des-accords-commerciaux-internationaux-sur-le-fret\/"]}]},{"@type":"ImageObject","inLanguage":"en-US","@id":"https:\/\/www.ifstransit.com\/limpact-des-accords-commerciaux-internationaux-sur-le-fret\/#primaryimage","url":"https:\/\/www.ifstransit.com\/wp-content\/uploads\/2023\/09\/limpact-des-accords-commerciaux-internationaux-sur-le-fret.jpg","contentUrl":"https:\/\/www.ifstransit.com\/wp-content\/uploads\/2023\/09\/limpact-des-accords-commerciaux-internationaux-sur-le-fret.jpg","width":770,"height":332,"caption":"accords commerciaux internationaux"},{"@type":"BreadcrumbList","@id":"https:\/\/www.ifstransit.com\/limpact-des-accords-commerciaux-internationaux-sur-le-fret\/#breadcrumb","itemListElement":[{"@type":"ListItem","position":1,"name":"Accueil","item":"https:\/\/www.ifstransit.com\/"},{"@type":"ListItem","position":2,"name":"L&rsquo;Impact des Accords Commerciaux Internationaux sur le Fret"}]},{"@type":"WebSite","@id":"https:\/\/www.ifstransit.com\/#website","url":"https:\/\/www.ifstransit.com\/","name":"International Freight Services","description":"","publisher":{"@id":"https:\/\/www.ifstransit.com\/#organization"},"potentialAction":[{"@type":"SearchAction","target":{"@type":"EntryPoint","urlTemplate":"https:\/\/www.ifstransit.com\/?s={search_term_string}"},"query-input":{"@type":"PropertyValueSpecification","valueRequired":true,"valueName":"search_term_string"}}],"inLanguage":"en-US"},{"@type":"Organization","@id":"https:\/\/www.ifstransit.com\/#organization","name":"International Freight Services","url":"https:\/\/www.ifstransit.com\/","logo":{"@type":"ImageObject","inLanguage":"en-US","@id":"https:\/\/www.ifstransit.com\/#\/schema\/logo\/image\/","url":"https:\/\/www.ifstransit.com\/wp-content\/uploads\/2023\/10\/cropped-IFS-logo-principal.jpg","contentUrl":"https:\/\/www.ifstransit.com\/wp-content\/uploads\/2023\/10\/cropped-IFS-logo-principal.jpg","width":631,"height":173,"caption":"International Freight Services"},"image":{"@id":"https:\/\/www.ifstransit.com\/#\/schema\/logo\/image\/"}},{"@type":"Person","@id":"https:\/\/www.ifstransit.com\/#\/schema\/person\/16fe4697a0dffc24e992120351b79a84","name":"IFS","image":{"@type":"ImageObject","inLanguage":"en-US","@id":"https:\/\/www.ifstransit.com\/wp-content\/litespeed\/avatar\/0d5089cf49a8de21534c35646e0b2553.jpg?ver=1777465883","url":"https:\/\/www.ifstransit.com\/wp-content\/litespeed\/avatar\/0d5089cf49a8de21534c35646e0b2553.jpg?ver=1777465883","contentUrl":"https:\/\/www.ifstransit.com\/wp-content\/litespeed\/avatar\/0d5089cf49a8de21534c35646e0b2553.jpg?ver=1777465883","caption":"IFS"},"sameAs":["https:\/\/www.ifstransit.com"]}]}},"_links":{"self":[{"href":"https:\/\/www.ifstransit.com\/en\/wp-json\/wp\/v2\/posts\/3254","targetHints":{"allow":["GET"]}}],"collection":[{"href":"https:\/\/www.ifstransit.com\/en\/wp-json\/wp\/v2\/posts"}],"about":[{"href":"https:\/\/www.ifstransit.com\/en\/wp-json\/wp\/v2\/types\/post"}],"author":[{"embeddable":true,"href":"https:\/\/www.ifstransit.com\/en\/wp-json\/wp\/v2\/users\/1"}],"replies":[{"embeddable":true,"href":"https:\/\/www.ifstransit.com\/en\/wp-json\/wp\/v2\/comments?post=3254"}],"version-history":[{"count":1,"href":"https:\/\/www.ifstransit.com\/en\/wp-json\/wp\/v2\/posts\/3254\/revisions"}],"predecessor-version":[{"id":3255,"href":"https:\/\/www.ifstransit.com\/en\/wp-json\/wp\/v2\/posts\/3254\/revisions\/3255"}],"wp:featuredmedia":[{"embeddable":true,"href":"https:\/\/www.ifstransit.com\/en\/wp-json\/wp\/v2\/media\/3235"}],"wp:attachment":[{"href":"https:\/\/www.ifstransit.com\/en\/wp-json\/wp\/v2\/media?parent=3254"}],"wp:term":[{"taxonomy":"category","embeddable":true,"href":"https:\/\/www.ifstransit.com\/en\/wp-json\/wp\/v2\/categories?post=3254"},{"taxonomy":"post_tag","embeddable":true,"href":"https:\/\/www.ifstransit.com\/en\/wp-json\/wp\/v2\/tags?post=3254"}],"curies":[{"name":"wp","href":"https:\/\/api.w.org\/{rel}","templated":true}]}}